{"id":1596,"__str__":"Parecer de Reda\u00e7\u00e3o - 2.\u00aa CCJR de 22/06/2020 por Comiss\u00e3o de Constitui\u00e7\u00e3o, Justi\u00e7a e Reda\u00e7\u00e3o","metadata":{},"nome":"2.\u00aa CCJR","data":"2020-06-22","autor":"Comiss\u00e3o de Constitui\u00e7\u00e3o, Justi\u00e7a e Reda\u00e7\u00e3o","ementa":"CONSIDERA de Utilidade P\u00fablica a Associa\u00e7\u00e3o Atalaia da F\u00e9 e d\u00e1 outras provid\u00eancias.","indexacao":"","arquivo":"http://sapl.cmm.am.gov.br/media/sapl/public/documentoacessorio/2019/1596/parecer_de_radacao_do_pl_340.2019_assinado.pdf","data_ultima_atualizacao":"2020-06-22T07:47:34.801517-04:00","materia":34,"tipo":11}