{"id":1568,"__str__":"Parecer da Procuradoria Legislativa - Procuradoria Legislativa de 16/06/2020 por Eduardo Ter\u00e7o Falc\u00e3o","metadata":{},"nome":"Procuradoria Legislativa","data":"2020-06-16","autor":"Eduardo Ter\u00e7o Falc\u00e3o","ementa":"","indexacao":"","arquivo":"http://sapl.cmm.am.gov.br/media/sapl/public/documentoacessorio/2020/1568/parecer_procuradoria_pl_052_2020.pdf","data_ultima_atualizacao":"2020-06-16T09:24:28.506119-04:00","materia":566,"tipo":2}