{"id":15583,"__str__":"Of\u00edcio - Divis\u00e3o de Controle e Edi\u00e7\u00e3o de Leis de 13/12/2021 por Divis\u00e3o de Controle e Edi\u00e7\u00e3o de Leis","metadata":{},"nome":"Divis\u00e3o de Controle e Edi\u00e7\u00e3o de Leis","data":"2021-12-13","autor":"Divis\u00e3o de Controle e Edi\u00e7\u00e3o de Leis","ementa":"INSTITUI, no \u00e2mbito do munic\u00edpio de Manaus, o m\u00eas de julho como Julho Amarelo.","indexacao":"","arquivo":"http://sapl.cmm.am.gov.br/media/sapl/public/documentoacessorio/2020/15583/of._n._147.2021_-_sancao_-_pl_n._254.2020_-_ver.a_prof.a_jacqueline_-_print.pdf","data_ultima_atualizacao":"2021-12-13T10:53:14.406905-04:00","materia":2037,"tipo":12}