{"id":15582,"__str__":"Parecer de Reda\u00e7\u00e3o - 2.\u00aa CCJR de 13/12/2021 por Comiss\u00e3o de Constitui\u00e7\u00e3o, Justi\u00e7a e Reda\u00e7\u00e3o","metadata":{},"nome":"2.\u00aa CCJR","data":"2021-12-13","autor":"Comiss\u00e3o de Constitui\u00e7\u00e3o, Justi\u00e7a e Reda\u00e7\u00e3o","ementa":"INSTITUI, no \u00e2mbito do munic\u00edpio de Manaus, o m\u00eas de julho como Julho Amarelo.","indexacao":"","arquivo":"http://sapl.cmm.am.gov.br/media/sapl/public/documentoacessorio/2020/15582/parecer_de_redacao_do_pl_254.2020.pdf","data_ultima_atualizacao":"2021-12-13T10:52:50.507569-04:00","materia":2037,"tipo":11}