{"id":1478,"__str__":"Parecer da Emenda - 6\u00aa COMSAU de 08/06/2020 por Ver. Marcelo Serafim","metadata":{},"nome":"6\u00aa COMSAU","data":"2020-06-08","autor":"Ver. Marcelo Serafim","ementa":"Aprovado o parecer favor\u00e1vel a Emenda n.01, ao PL n. 093.2020, de autoria da vereadora Gl\u00f3ria Carratte por totalidade dos presentes, em reuni\u00e3o remota, no dia 08.06.2020.","indexacao":"","arquivo":null,"data_ultima_atualizacao":"2020-06-08T11:08:53.151268-04:00","materia":173,"tipo":15}