{"id":14313,"__str__":"Parecer da Comiss\u00e3o - 4a. Comiss\u00e3o - COMED de 22/11/2021 por Vereador Fransu\u00e1","metadata":{},"nome":"4a. Comiss\u00e3o - COMED","data":"2021-11-22","autor":"Vereador Fransu\u00e1","ementa":"","indexacao":"","arquivo":"http://sapl.cmm.am.gov.br/media/sapl/public/documentoacessorio/2021/14313/parecer_ao_pl_n._609-21_-_executivo.pdf","data_ultima_atualizacao":"2021-11-22T09:46:29.543239-04:00","materia":12915,"tipo":9}