{"id":12896,"__str__":"Of\u00edcio - Divis\u00e3o de Controle e Edi\u00e7\u00e3o de Leis de 08/11/2021 por Divis\u00e3o de Controle e Edi\u00e7\u00e3o de Leis","metadata":{},"nome":"Divis\u00e3o de Controle e Edi\u00e7\u00e3o de Leis","data":"2021-11-08","autor":"Divis\u00e3o de Controle e Edi\u00e7\u00e3o de Leis","ementa":"INSTITUI o Plano de Regionaliza\u00e7\u00e3o da Merenda Escolar Municipal (Premem), no \u00e2mbito do Poder Executivo Municipal, e d\u00e1 outras provid\u00eancias.","indexacao":"","arquivo":"http://sapl.cmm.am.gov.br/media/sapl/public/documentoacessorio/2021/12896/of._n._105.2021_-_sancao_-_pl_n._202.2021_-_ver._lissandro_breval_subscrito_ver._bessa_print.pdf","data_ultima_atualizacao":"2021-11-08T09:16:41.697174-04:00","materia":6259,"tipo":12}