{"id":12858,"__str__":"Parecer de Reda\u00e7\u00e3o - 2.\u00aa CCJR de 25/08/2021 por Comiss\u00e3o de Constitui\u00e7\u00e3o, Justi\u00e7a e Reda\u00e7\u00e3o","metadata":{},"nome":"2.\u00aa CCJR","data":"2021-08-25","autor":"Comiss\u00e3o de Constitui\u00e7\u00e3o, Justi\u00e7a e Reda\u00e7\u00e3o","ementa":"APLICA san\u00e7\u00e3o pelo descumprimento da ordem de vacina\u00e7\u00e3o dos grupos priorit\u00e1rios, de acordo com a fase cronol\u00f3gica definida no Plano do Estado do Amazonas de Operacionaliza\u00e7\u00e3o da Vacina\u00e7\u00e3o contra a Covid-19, no munic\u00edpio de Manaus.","indexacao":"","arquivo":"http://sapl.cmm.am.gov.br/media/sapl/public/documentoacessorio/2021/12858/parecer_de_redacao_do_pl_018.2021.pdf","data_ultima_atualizacao":"2021-11-08T08:48:56.781385-04:00","materia":3665,"tipo":11}