{"id":12432,"__str__":"Parecer do (a) Relator (a) - 2\u00aa CCJR de 28/10/2021 por MARCELO SERAFIM","metadata":{},"nome":"2\u00aa CCJR","data":"2021-10-28","autor":"MARCELO SERAFIM","ementa":"Parecer ao Projeto de Lei n.\u00ba 529/2021, de autoria do Vereador Ivo Neto, que disp\u00f5e sobre a destina\u00e7\u00e3o de no m\u00ednimo 5% das vagas previstas em editais de cultura lan\u00e7ados pelo munic\u00edpio, para contempla\u00e7\u00e3o de projetos art\u00edsticos idealizados ou que participem pessoas com defici\u00eancia, e d\u00e1 outras provid\u00eancias.","indexacao":"","arquivo":"http://sapl.cmm.am.gov.br/media/sapl/public/documentoacessorio/2021/12432/parecer_pl_529_2021_2.pdf","data_ultima_atualizacao":"2021-11-23T09:27:13.106690-04:00","materia":11630,"tipo":1}