{"id":11557,"__str__":"Parecer da Comiss\u00e3o - 2\u00aa CCJR de 16/05/2022 por PROF.\u00aa JACQUELINE","metadata":{},"nome":"2\u00aa CCJR","data":"2022-05-16","autor":"PROF.\u00aa JACQUELINE","ementa":"Parecer ao Projeto de Lei n\u00ba 329/2021, de autoria do Vereador Fransu\u00e1 que \u201cDISP\u00d5E sobre a capacita\u00e7\u00e3o de jardineiros para podar \u00e1rvores, e d\u00e1 outras provid\u00eancias\u201d.","indexacao":"","arquivo":"http://sapl.cmm.am.gov.br/media/sapl/public/documentoacessorio/2021/11557/parecer_pl_329_21_contrario_1.pdf","data_ultima_atualizacao":"2022-05-16T13:17:45.419416-04:00","materia":8047,"tipo":9}