{"id":1088,"__str__":"Parecer de Reda\u00e7\u00e3o - 2.\u00aa CCJR de 18/05/2020 por Comiss\u00e3o de Constitui\u00e7\u00e3o, Justi\u00e7a e Reda\u00e7\u00e3o","metadata":{},"nome":"2.\u00aa CCJR","data":"2020-05-18","autor":"Comiss\u00e3o de Constitui\u00e7\u00e3o, Justi\u00e7a e Reda\u00e7\u00e3o","ementa":"INSTITUI o Dia Municipal de Combate e Enfrentamento do Novo Coronav\u00edrus (Covid-19) e d\u00e1 outras provid\u00eancias.","indexacao":"","arquivo":"http://sapl.cmm.am.gov.br/media/sapl/public/documentoacessorio/2020/1088/parecer_de_redacao_do_pl_082.2020_assinado.pdf","data_ultima_atualizacao":"2020-05-18T09:46:37.658770-04:00","materia":650,"tipo":11}