{"id":10383,"__str__":"Memorando - Retirado de tramita\u00e7\u00e3o de 06/10/2021 por Ver. Marcelo Serafim","metadata":{},"nome":"Retirado de tramita\u00e7\u00e3o","data":"2021-10-06","autor":"Ver. Marcelo Serafim","ementa":"","indexacao":"","arquivo":"http://sapl.cmm.am.gov.br/media/sapl/public/documentoacessorio/2021/10383/m_029_-_2021_-_ccjr-_retirada_de_tramitacao.pdf","data_ultima_atualizacao":"2021-10-06T07:08:33.711641-04:00","materia":12003,"tipo":20}