{"id":10048,"__str__":"Parecer de Vista - Plen\u00e1rio - Vista de 22/09/2021 por Ver. Pl\u00ednio Val\u00e9rio","metadata":{},"nome":"Vista","data":"2021-09-22","autor":"Ver. Pl\u00ednio Val\u00e9rio","ementa":"","indexacao":"","arquivo":"http://sapl.cmm.am.gov.br/media/sapl/public/documentoacessorio/2017/10048/5_parecer_vistas.pdf","data_ultima_atualizacao":"2021-09-22T07:57:06.634856-04:00","materia":11674,"tipo":5}