{"id":10025,"__str__":"Parecer da Comiss\u00e3o - 2\u00ba CCJR de 03/08/2022 por CAIO ANDR\u00c9","metadata":{},"nome":"2\u00ba CCJR","data":"2022-08-03","autor":"CAIO ANDR\u00c9","ementa":"Projeto de Lei n\u00ba 491/2021, de autoria do VEREADOR M\u00e1rcio Tavares, que \u201cDisp\u00f5e sobre o Centro de Forma\u00e7\u00e3o de Educadores da Secretaria Municipal de Educa\u00e7\u00e3o no munic\u00edpio de Manaus e d\u00e1 outras provid\u00eancias\u201d.","indexacao":"","arquivo":"http://sapl.cmm.am.gov.br/media/sapl/public/documentoacessorio/2021/10025/parecer_ccjr._ver._marcio_tavares_pl_491.21_faoravel_asinado.pdf","data_ultima_atualizacao":"2022-08-03T12:34:55.983496-04:00","materia":10698,"tipo":9}