{"id":10021,"__str__":"Parecer da Comiss\u00e3o - 2\u00aa CCJR de 22/09/2021 por DR. EDUARDO ASSIS","metadata":{},"nome":"2\u00aa CCJR","data":"2021-09-22","autor":"DR. EDUARDO ASSIS","ementa":"PROJETO DE LEI: N\u00b0 378/2021 - de iniciativa do Vereador Amom Mandel, que \u201cDISP\u00d5E sobre o hor\u00e1rio para realiza\u00e7\u00e3o de corte dos servi\u00e7os de fornecimento de energia el\u00e9trica e \u00e1gua no Munic\u00edpio de Manaus e d\u00e1 outras provid\u00eancias\u201d.","indexacao":"","arquivo":"http://sapl.cmm.am.gov.br/media/sapl/public/documentoacessorio/2021/10021/parecer_pl_378_2021_ver_amom_assinado.pdf","data_ultima_atualizacao":"2022-02-24T09:07:46.852219-04:00","materia":8585,"tipo":9}