{"id":550,"__str__":"INSTALA\u00c7\u00c3O DA FRENTE PARLAMENTAR","metadata":{},"numero":1,"nome":"INSTALA\u00c7\u00c3O DA FRENTE PARLAMENTAR","tema":"","data":"2021-11-10","hora_inicio":"11:00:00","hora_fim":null,"local_reuniao":"","observacao":"","url_audio":"","url_video":"","upload_pauta":null,"upload_ata":"http://sapl.cmm.am.gov.br/media/sapl/public/reuniao/550/ata/ata_frente_parlamentar.pdf","upload_anexo":null,"periodo":3,"comissao":31}