{"id":413,"__str__":"Audi\u00eancia P\u00fablica","metadata":{},"numero":2,"nome":"Audi\u00eancia P\u00fablica","tema":"","data":"2021-05-28","hora_inicio":"09:40:00","hora_fim":"12:40:00","local_reuniao":"Plen\u00e1rio Adriano Jorge","observacao":"","url_audio":"","url_video":"","upload_pauta":null,"upload_ata":"http://sapl.cmm.am.gov.br/media/sapl/public/reuniao/413/ata/ata_da_audiencia_publica_da_compcd_-_28.05.21_assinada.pdf","upload_anexo":null,"periodo":3,"comissao":26}