{"id":349,"__str__":"Audi\u00eancia P\u00fablica da COMDIHPIM","metadata":{},"numero":1,"nome":"Audi\u00eancia P\u00fablica da COMDIHPIM","tema":"Intoler\u00e2ncia Religiosa no conv\u00edvio social","data":"2021-06-10","hora_inicio":"09:00:00","hora_fim":null,"local_reuniao":"Plen\u00e1rio Adriano Jorge","observacao":"Audi\u00eancia P\u00fablica em aten\u00e7\u00e3o ao Requerimento n. 2551/21, de autoria do vereador Amom Mandel","url_audio":"","url_video":"","upload_pauta":"http://sapl.cmm.am.gov.br/media/sapl/public/reuniao/349/pauta/requerimento_2551_-_21_-_audiencia_-_intolerancia_religiosa.pdf","upload_ata":"http://sapl.cmm.am.gov.br/media/sapl/public/reuniao/349/ata/ata_da_audiencia_publica_da_comdihpim_-_10.06.21_-_assinada.pdf","upload_anexo":null,"periodo":3,"comissao":14}