{"id":1759,"__str__":"Ata de Audi\u00eancia P\u00fablica","metadata":{},"numero":4,"nome":"Ata de Audi\u00eancia P\u00fablica","tema":"Discuss\u00e3o para tratar da reestrutura\u00e7\u00e3o do Regime Pr\u00f3prio da Previd\u00eancia Social no Munic\u00edpio de Manaus","data":"2025-09-16","hora_inicio":"09:48:00","hora_fim":"12:40:00","local_reuniao":"","observacao":"","url_audio":"","url_video":"","upload_pauta":null,"upload_ata":"http://sapl.cmm.am.gov.br/media/sapl/public/reuniao/1759/ata/ata_audiencia_publica_3a_16.09.2025.pdf","upload_anexo":null,"periodo":6,"comissao":2}