{"id":39,"__str__":"COMPETS - 25\u00aa Comiss\u00e3o de Prote\u00e7\u00e3o e Bem-Estar Animal","metadata":{},"nome":"25\u00aa Comiss\u00e3o de Prote\u00e7\u00e3o e Bem-Estar Animal","sigla":"COMPETS","data_criacao":"2025-02-21","data_extincao":null,"apelido_temp":"","data_instalacao_temp":null,"data_final_prevista_temp":null,"data_prorrogada_temp":null,"data_fim_comissao":null,"secretario":"Liege Albuquerque","telefone_reuniao":"","endereco_secretaria":"","telefone_secretaria":"3303-2796","fax_secretaria":"","agenda_reuniao":"","local_reuniao":"","finalidade":"Comiss\u00e3o T\u00e9cnica Permanentes, criada pelo Ato da Presid\u00eancia n\u00ba 003/2025, publicado do Di\u00e1rio Oficial Ano XII, Edi\u00e7\u00e3o 2160, de 21/02/2025, com as seguintes atribui\u00e7\u00f5es, previstas no Regimento Interno: \r\n\u201cArt. 57-D. \u00c0 Comiss\u00e3o de Prote\u00e7\u00e3o e Bem-Estar Animal\r\ncompete:\r\nI \u2013 receber, avaliar e apurar den\u00fancias relacionadas a maus tratos a animais dom\u00e9sticos ou silvestres, atuando de forma\r\naut\u00f4noma ou em coopera\u00e7\u00e3o com entes p\u00fablicos e promovendo\r\nos encaminhamentos necess\u00e1rios aos \u00f3rg\u00e3os competentes para\r\na ado\u00e7\u00e3o das provid\u00eancias cab\u00edveis;\r\nII \u2013 integrar conselhos municipais ou estaduais relacionados \u00e0\r\ndelibera\u00e7\u00e3o coletiva e normatiza\u00e7\u00e3o de pol\u00edticas de meio\r\nambiente e prote\u00e7\u00e3o animal, bem como comit\u00eas que tratem de\r\nsitua\u00e7\u00f5es emergenciais, desastres ambientais ou quest\u00f5es que\r\nimpactem diretamente essas \u00e1reas no \u00e2mbito do munic\u00edpio de\r\nManaus;\r\nIII \u2013 fomentar a\u00e7\u00f5es educativas e programas voltados ao\r\ncontrole populacional de c\u00e3es e gatos, incentivando m\u00e9todos\r\n\u00e9ticos e promovendo campanhas de conscientiza\u00e7\u00e3o sobre\r\nsa\u00fade e bem-estar animal;\r\nIV \u2013 promover e divulgar estudos, pesquisas, semin\u00e1rios,\r\npalestras, encontros e material gr\u00e1fico voltados \u00e0 prote\u00e7\u00e3o\r\nanimal, incentivando inova\u00e7\u00f5es, solu\u00e7\u00f5es pr\u00e1ticas e a\r\nparticipa\u00e7\u00e3o de organiza\u00e7\u00f5es da sociedade civil e especialistas\r\nda \u00e1rea, sempre que poss\u00edvel;\r\nV \u2013 realizar ou auxiliar na captura, conten\u00e7\u00e3o, transporte e\r\ndestina\u00e7\u00e3o de fauna dom\u00e9stica ou silvestre, em situa\u00e7\u00f5es de\r\nvulnerabilidade, maus-tratos ou que estejam em\r\ndesconformidade com a legisla\u00e7\u00e3o ambiental, podendo receber\r\nou destinar animais, na condi\u00e7\u00e3o de fiel deposit\u00e1rio, quando\r\napreendidos pelos \u00f3rg\u00e3os competentes;\r\nVI \u2013 fiscalizar e acompanhar a\u00e7\u00f5es, programas e pol\u00edticas\r\np\u00fablicas desenvolvidos por \u00f3rg\u00e3os municipais relacionados \u00e0\r\ncaptura, ao manejo, ao tratamento, \u00e0 destina\u00e7\u00e3o e ao controle\r\nde zoonoses de animais dom\u00e9sticos e silvestres;\r\nVII \u2013 promover conv\u00eanios, acordos e parcerias com\r\norganiza\u00e7\u00f5es governamentais ou n\u00e3o governamentais,\r\nnacionais ou internacionais, conselhos de classe, profissionais\r\nda \u00e1rea, outras comiss\u00f5es legislativas em \u00e2mbito municipal,\r\nestadual ou federal, visando \u00e0 promo\u00e7\u00e3o de pol\u00edticas p\u00fablicas\r\ninclusivas e a\u00e7\u00f5es de prote\u00e7\u00e3o animal no Munic\u00edpio;\r\nVIII \u2013 realizar, promover e participar de campanhas de ado\u00e7\u00e3o\r\nrespons\u00e1vel de animais dom\u00e9sticos, por meio de eventos e\r\na\u00e7\u00f5es que estimulem a guarda respons\u00e1vel e o bem-estar\r\nanimal;\r\nIX \u2013 intervir, administrativa e judicialmente, nas modalidades de\r\ninterven\u00e7\u00e3o de terceiro previstas no ordenamento jur\u00eddico\r\nbrasileiro, sempre que oportuno e conveniente, em temas\r\nrelacionados \u00e0 prote\u00e7\u00e3o animal;\r\nX \u2013 emitir pareceres sobre o m\u00e9rito de proposi\u00e7\u00f5es legislativas\r\nde compet\u00eancia municipal relacionadas \u00e0 prote\u00e7\u00e3o animal,\r\nassegurando sua adequa\u00e7\u00e3o \u00e0s legisla\u00e7\u00f5es vigentes e \u00e0s\r\nmelhores pr\u00e1ticas de bem-estar, e manifestar-se sobre assuntos\r\npertinentes \u00e0 preserva\u00e7\u00e3o e promo\u00e7\u00e3o desses direitos;\r\nXI \u2013 propor medidas legislativas e promover pol\u00edticas p\u00fablicas\r\nvoltadas \u00e0 prote\u00e7\u00e3o animal.\u201d","email":"","unidade_deliberativa":true,"ativa":true,"tipo":1}